{"id":7481,"date":"2025-10-21T12:33:52","date_gmt":"2025-10-21T10:33:52","guid":{"rendered":"https:\/\/groupgia.com\/?p=7481"},"modified":"2025-10-21T12:33:56","modified_gmt":"2025-10-21T10:33:56","slug":"estaremos-presentes-en-cr-2025-y-queremos-invitarte","status":"publish","type":"post","link":"https:\/\/groupgia.com\/es\/estaremos-presentes-en-cr-2025-y-queremos-invitarte\/","title":{"rendered":"Estaremos presentes en C&amp;R 2025, \u00a1y queremos invitarte!"},"content":{"rendered":"\n<p>En GIA Group estamos muy emocionados de confirmar nuestra participaci\u00f3n en la pr\u00f3xima edici\u00f3n del Sal\u00f3n Internacional de la Climatizaci\u00f3n y la Refrigeraci\u00f3n (C&amp;R) 2025, que se celebrar\u00e1 del 18 al 20 de noviembre en IFEMA MADRID. Para nosotros, esta feria es mucho m\u00e1s que un evento: es la oportunidad perfecta para compartir nuestras \u00faltimas innovaciones con clientes, partners y profesionales del sector.<\/p>\n\n\n\n<p>Contaremos con un stand de 405 m\u00b2 en el Pabell\u00f3n 9, dise\u00f1ado para ofrecerte una experiencia din\u00e1mica e informativa. All\u00ed podr\u00e1s descubrir nuestras soluciones en climatizaci\u00f3n, calefacci\u00f3n y ACS, y conocer nuestras novedades en eficiencia energ\u00e9tica e innovaci\u00f3n tecnol\u00f3gica.<\/p>\n\n\n\n<p>Y aqu\u00ed viene lo mejor: <strong>queremos que nos acompa\u00f1es en esta experiencia, por eso estamos regalando entradas de cortes\u00eda a los profesionales del sector<\/strong>. Solo tienes que clicar en el siguiente enlace: <\/p>\n\n\n\n<p>\ud83d\udc49 <strong>Solicita tu entrada de cortes\u00eda aqu\u00ed:<\/strong><br><a href=\"https:\/\/docs.google.com\/forms\/d\/e\/1FAIpQLScp-sg0aw_84eRXhiX4H4VjzRYO2OqxrLo82YPf51qU9BPdHg\/viewform?usp=header\" target=\"_blank\" rel=\"noopener\">Formulario de inscripci\u00f3n<\/a><\/p>\n\n\n\n<p>D\u00e9janos tus datos y te enviaremos un c\u00f3digo para descargar tu entrada gratuita. Nuestro equipo comercial y t\u00e9cnico estar\u00e1 all\u00ed para atenderte personalmente, responder tus dudas y mostrarte c\u00f3mo nuestras soluciones pueden marcar la diferencia en tus proyectos.<\/p>\n\n\n\n<p>No dejes pasar esta oportunidad: <strong>\u00a1te esperamos en IFEMA MADRID, Pabell\u00f3n 9, para vivir juntos C&amp;R 2025 con GIA Group!<\/strong><\/p>\n","protected":false},"excerpt":{"rendered":"<p>En GIA Group estamos muy emocionados de confirmar nuestra participaci\u00f3n en la pr\u00f3xima edici\u00f3n del Sal\u00f3n Internacional de la Climatizaci\u00f3n y la Refrigeraci\u00f3n (C&amp;R) 2025, que se celebrar\u00e1 del 18 al 20 de noviembre en IFEMA MADRID. Para nosotros, esta feria [&hellip;]<\/p>\n","protected":false},"author":9,"featured_media":7482,"comment_status":"closed","ping_status":"closed","sticky":false,"template":"","format":"standard","meta":{"_monsterinsights_skip_tracking":false,"_monsterinsights_sitenote_active":false,"_monsterinsights_sitenote_note":"","_monsterinsights_sitenote_category":0,"footnotes":""},"categories":[232],"tags":[234,114,117,89,100],"class_list":["post-7481","post","type-post","status-publish","format-standard","has-post-thumbnail","hentry","category-noticias","tag-cr-2025","tag-climatizacion","tag-gia-group","tag-giatsu","tag-htw"],"_links":{"self":[{"href":"https:\/\/groupgia.com\/es\/wp-json\/wp\/v2\/posts\/7481","targetHints":{"allow":["GET"]}}],"collection":[{"href":"https:\/\/groupgia.com\/es\/wp-json\/wp\/v2\/posts"}],"about":[{"href":"https:\/\/groupgia.com\/es\/wp-json\/wp\/v2\/types\/post"}],"author":[{"embeddable":true,"href":"https:\/\/groupgia.com\/es\/wp-json\/wp\/v2\/users\/9"}],"replies":[{"embeddable":true,"href":"https:\/\/groupgia.com\/es\/wp-json\/wp\/v2\/comments?post=7481"}],"version-history":[{"count":1,"href":"https:\/\/groupgia.com\/es\/wp-json\/wp\/v2\/posts\/7481\/revisions"}],"predecessor-version":[{"id":7487,"href":"https:\/\/groupgia.com\/es\/wp-json\/wp\/v2\/posts\/7481\/revisions\/7487"}],"wp:featuredmedia":[{"embeddable":true,"href":"https:\/\/groupgia.com\/es\/wp-json\/wp\/v2\/media\/7482"}],"wp:attachment":[{"href":"https:\/\/groupgia.com\/es\/wp-json\/wp\/v2\/media?parent=7481"}],"wp:term":[{"taxonomy":"category","embeddable":true,"href":"https:\/\/groupgia.com\/es\/wp-json\/wp\/v2\/categories?post=7481"},{"taxonomy":"post_tag","embeddable":true,"href":"https:\/\/groupgia.com\/es\/wp-json\/wp\/v2\/tags?post=7481"}],"curies":[{"name":"wp","href":"https:\/\/api.w.org\/{rel}","templated":true}]}}